{"id":1373,"date":"2026-03-26T08:00:08","date_gmt":"2026-03-26T06:00:08","guid":{"rendered":"https:\/\/yhdenvertaisuudenosaamiskeskus.partioscout.fi\/?p=1373"},"modified":"2026-03-26T08:00:09","modified_gmt":"2026-03-26T06:00:09","slug":"jonna-varsa-till-likabehandlingsexpert","status":"publish","type":"post","link":"https:\/\/yhdenvertaisuudenosaamiskeskus.partioscout.fi\/sv\/ajankohtaista\/jonna-varsa-till-likabehandlingsexpert\/","title":{"rendered":"Jonna Varsa till likabehandlingsexpert"},"content":{"rendered":"\n\n<div class=\"block-article-content article full-width id-block\">\n\t<div class=\"container-lg\">\n\t\t<div class=\"row\">\n\t\t\t<div class=\"col d-none d-lg-block col-lg-4 col-xxl-3\">\n\t\t\t\t<div class=\"sidebar-posts\">\n\t<p class=\"sidebar-title\">Senaste artiklarna<\/p>\n\t<ul class=\"latest\">\n\t\t\t\t<li class=\"article\">\n\t\t\t<span class=\"date\">31.8.2026<\/span>\n\t\t\t<a href=\"https:\/\/yhdenvertaisuudenosaamiskeskus.partioscout.fi\/sv\/ajankohtaista\/blogg-insikter-fran-praktiken-inom-likabehandlingsarbete\/\" class=\"link\">Blogg: Insikter fr\u00e5n praktiken inom likabehandlingsarbete<\/a>\n\t\t<\/li>\n\t\t\t\t<li class=\"article\">\n\t\t\t<span class=\"date\">26.6.2026<\/span>\n\t\t\t<a href=\"https:\/\/yhdenvertaisuudenosaamiskeskus.partioscout.fi\/sv\/ajankohtaista\/blogg-ungdomsarbete-goes-pride-exempel-fran-ostra-finland\/\" class=\"link\">Blogg: Ungdomsarbete Goes Pride \u2013 exempel fr\u00e5n \u00d6stra Finland<\/a>\n\t\t<\/li>\n\t\t\t\t<li class=\"article\">\n\t\t\t<span class=\"date\">10.6.2026<\/span>\n\t\t\t<a href=\"https:\/\/yhdenvertaisuudenosaamiskeskus.partioscout.fi\/sv\/ajankohtaista\/blogg-sex-starka-skal-att-gora-en-verksamhetsinriktad-likabehandlingsplan-for-ungdomsarbetet\/\" class=\"link\">Blogg: Sex starka sk\u00e4l att g\u00f6ra en verksamhetsinriktad likabehandlingsplan f\u00f6r ungdomsarbetet<\/a>\n\t\t<\/li>\n\t\t\t\t<li class=\"article\">\n\t\t\t<span class=\"date\">3.6.2026<\/span>\n\t\t\t<a href=\"https:\/\/yhdenvertaisuudenosaamiskeskus.partioscout.fi\/sv\/ajankohtaista\/blogg-betydelsen-av-queergladje-for-regnbagsunga\/\" class=\"link\">Blogg: Betydelsen av queergl\u00e4dje f\u00f6r regnb\u00e5gsunga<\/a>\n\t\t<\/li>\n\t\t\t\t<li class=\"article\">\n\t\t\t<span class=\"date\">29.5.2026<\/span>\n\t\t\t<a href=\"https:\/\/yhdenvertaisuudenosaamiskeskus.partioscout.fi\/sv\/ajankohtaista\/erkannande-till-kompetenscentret-for-effektivt-framjande-av-ungdomsarbete\/\" class=\"link\">Erk\u00e4nnande till kompetenscentret f\u00f6r effektivt fr\u00e4mjande av ungdomsarbete<\/a>\n\t\t<\/li>\n\t\t\t<\/ul>\n\t<a class=\"more\" href=\"https:\/\/yhdenvertaisuudenosaamiskeskus.partioscout.fi\/sv\/nyheter\/\">Alla artiklar<\/a>\n<\/div>\n\t\t\t<\/div>\n\t\t\t<div class=\"col col-12 col-lg-8 col-xxl-7 offset-xxl-1\">\t\n\t\t\t\t<p class=\"entry-date\">Publicerad 26.3.2026<\/p>\n\t\t\t\t\t\t\t\t<ul class=\"post-terms\">\n\t\t\t\t\t\t\t\t\t\t\t\t\t\t\t\t\t<li><a href=\"https:\/\/yhdenvertaisuudenosaamiskeskus.partioscout.fi\/sv\/category\/okategoriserad\/\">Okategoriserad<\/a><\/li>\n\t\t\t\t\t\t\t\t\t\t\t\t\t\t\t<\/ul>\n\t\t\t\t\t\t\t\t<h1 class=\"entry-title\" id=\"entry-title-6a9abe8c9210a\">Jonna Varsa till likabehandlingsexpert<\/h1>\n\t\t\t\t<div class=\"inner-blocks entry-content\">\n\t\t\t\t\t\t\t\t\t\t\t\n\n<p class=\"is-style-ingress wp-block-paragraph\">Jonna Varsa fr\u00e5n Finlands Scouter har b\u00f6rjat som likabehandlingsexpert vid Ungdomssektorns kompetenscenter f\u00f6r likabehandling. I hennes arbete ing\u00e5r att utbilda akt\u00f6rer inom ungdomssektorn i teman som r\u00f6r likabehandling.<\/p>\n\n\n\n<p class=\"wp-block-paragraph\"><strong>Jonna Varsas<\/strong> arbetsuppgifter omfattar utbildning av yrkesverksamma och frivilliga inom ungdomssektorn i teman som likabehandling, f\u00f6rebyggande av diskriminering och antirasism b\u00e5de p\u00e5 finska och svenska. Dessutom utvecklar hon kompetenscentrets material f\u00f6r m\u00e5lgruppernas anv\u00e4ndning.<\/p>\n\n\n\n<p class=\"wp-block-paragraph\">Jonna har bred erfarenhet av likabehandlingsteman samt av att fr\u00e4mja b\u00e5de barnens och ungas r\u00e4ttigheter. Under de senaste drygt sju \u00e5ren arbetade hon p\u00e5 \u00c5land vid R\u00e4dda Barnen rf som expert p\u00e5 barnens och ungas r\u00e4ttigheter och delaktighet. Innan dess verkade hon som socialpolitisk expert vid studentk\u00e5ren vid Jyv\u00e4skyl\u00e4 universitet. Till utbildningen \u00e4r Jonna magister i statsvetenskap.<\/p>\n\n\n\n<p class=\"wp-block-paragraph\">\u201dJag \u00e4r v\u00e4ldigt ivrig \u00f6ver att f\u00e5 b\u00f6rja arbeta med meningsfulla och aktuella teman tillsammans med det kunniga och fantastiska teamet vid kompetenscentret. Jag \u00e4r s\u00e4rskilt ivrig \u00f6ver m\u00f6jligheten att forts\u00e4tta arbeta p\u00e5 svenska. Jag hoppas p\u00e5 m\u00e5nga intressanta m\u00f6ten och diskussioner, b\u00e5de p\u00e5 finska och svenska!\u201d ber\u00e4ttar Jonna om sina f\u00f6rsta intryck inf\u00f6r sitt nya arbetet.<\/p>\n\n\n<div class=\"wp-block-image\">\n<figure class=\"aligncenter size-large is-resized\"><img decoding=\"async\" src=\"https:\/\/yhdenvertaisuudenosaamiskeskus.partioscout.fi\/wp-content\/uploads\/sites\/161\/2026\/03\/Jonna-Varsa-819x1024.jpg\" alt=\"Jonna Varsa.\" class=\"wp-image-1372\" style=\"width:auto;height:550px\" \/><figcaption class=\"wp-element-caption\">Jonna arbetar heltid vid Ungdomssektorns kompetenscenter f\u00f6r likabehandling. Hon har nyligen flyttat tillbaka till sin hemort och sitt barndomshem i Vanda.<\/figcaption><\/figure>\n<\/div>\n\n\n<h2 class=\"wp-block-heading\">F\u00e5 s\u00e5 m\u00e5nga barns och ungas r\u00f6ster h\u00f6rna som m\u00f6jligt<\/h2>\n\n\n\n<p class=\"wp-block-paragraph\">Likabehandlingsteman har alltid varit en central del av Jonnas arbete. I sina tidigare uppdrag har hon utbildat yrkesverksamma, beslutsfattare och studerande bland annat i barnets r\u00e4ttigheter och fr\u00e4mjandet av likabehandling.<\/p>\n\n\n\n<p class=\"wp-block-paragraph\">\u201dJag har arbetat med barn och unga med m\u00e5nga olika bakgrunder och utvecklat verksamheten tillsammans med dem. Jag har ocks\u00e5 aktivt utvecklat arbetss\u00e4tt f\u00f6r att s\u00e5 m\u00e5nga barns och ungas r\u00f6ster som m\u00f6jligt ska bli h\u00f6rda, till exempel i lagstiftningsprocesser, s\u00e4rskilt de vars synvinklar l\u00e4tt blir oh\u00f6rda\u201d, ber\u00e4ttar Jonna om sina tidigare arbetsuppgifter.<\/p>\n\n\n\n<p class=\"wp-block-paragraph\">\u00c4ven under sitt arbete vid studentk\u00e5ren var likabehandlingsfr\u00e5gor starkt n\u00e4rvarande p\u00e5 Jonnas arbetsbord, bland annat genom likabehandlingsplanering och genom arbetet som kontaktperson i trakasserifr\u00e5gor.<\/p>\n\n\n\n<p class=\"wp-block-paragraph\">P\u00e5 fritiden \u00e4gnar sig Jonna \u00e5t m\u00e5ngsidiga vattensporter, fr\u00e5n surfing till segling samt njuter av friluftsliv och \u00e4ventyr tillsammans med sin familj. Hennes superkraft \u00e4r entusiasm och viljan att l\u00e4ra sig nytt samt att hitta instruktioner p\u00e5 n\u00e4tet f\u00f6r n\u00e4stan vad som helst: \u201dMed hj\u00e4lp av videor p\u00e5 n\u00e4tet har jag l\u00e4rt mig segla, anv\u00e4nda layoutprogram, g\u00f6ra animationsvideor och reparera en motor.\u201d<\/p>\n\n\n\t\t\t\t\t\t\t\t\t<\/div>\n\t\t\t<\/div>\n\t\t<\/div>\n\t<\/div>\t\n\t\t<\/div>\n\n\n\n<p class=\"wp-block-paragraph\"><\/p>\n","protected":false},"excerpt":{"rendered":"","protected":false},"author":364,"featured_media":379,"comment_status":"closed","ping_status":"closed","sticky":false,"template":"","format":"standard","meta":{"_acf_changed":false,"footnotes":""},"categories":[6],"class_list":["post-1373","post","type-post","status-publish","format-standard","has-post-thumbnail","hentry","category-okategoriserad"],"acf":[],"yoast_head":"<!-- This site is optimized with the Yoast SEO plugin v28.2 - https:\/\/yoast.com\/product\/yoast-seo-wordpress\/ -->\n<title>Jonna Varsa till likabehandlingsexpert - Yhdenvertaisuuden nuorisoalan osaamiskeskus<\/title>\n<meta name=\"description\" content=\"Jonna Varsa fr\u00e5n Finlands Scouter har b\u00f6rjat som likabehandlingsexpert vid Ungdomssektorns kompetenscenter f\u00f6r likabehandling. I hennes arbete ing\u00e5r att utbilda akt\u00f6rer inom ungdomssektorn i teman som r\u00f6r likabehandling.\" \/>\n<meta name=\"robots\" content=\"index, follow, max-snippet:-1, max-image-preview:large, max-video-preview:-1\" \/>\n<link rel=\"canonical\" href=\"https:\/\/yhdenvertaisuudenosaamiskeskus.partioscout.fi\/sv\/ajankohtaista\/jonna-varsa-till-likabehandlingsexpert\/\" \/>\n<meta property=\"og:locale\" content=\"sv_SE\" \/>\n<meta property=\"og:type\" content=\"article\" \/>\n<meta property=\"og:title\" content=\"Jonna Varsa till likabehandlingsexpert - Yhdenvertaisuuden nuorisoalan osaamiskeskus\" \/>\n<meta property=\"og:description\" content=\"Jonna Varsa fr\u00e5n Finlands Scouter har b\u00f6rjat som likabehandlingsexpert vid Ungdomssektorns kompetenscenter f\u00f6r likabehandling. I hennes arbete ing\u00e5r att utbilda akt\u00f6rer inom ungdomssektorn i teman som r\u00f6r likabehandling.\" \/>\n<meta property=\"og:url\" content=\"https:\/\/yhdenvertaisuudenosaamiskeskus.partioscout.fi\/sv\/ajankohtaista\/jonna-varsa-till-likabehandlingsexpert\/\" \/>\n<meta property=\"og:site_name\" content=\"Yhdenvertaisuuden nuorisoalan osaamiskeskus\" \/>\n<meta property=\"article:published_time\" content=\"2026-03-26T06:00:08+00:00\" \/>\n<meta property=\"article:modified_time\" content=\"2026-03-26T06:00:09+00:00\" \/>\n<meta property=\"og:image\" content=\"https:\/\/yhdenvertaisuudenosaamiskeskus.partioscout.fi\/wp-content\/uploads\/sites\/161\/2025\/04\/Yhdenvertaisuuden-nuorisoalan-osaamiskeskus-Munfilmi-Netta-Hautamaki-40.jpg\" \/>\n\t<meta property=\"og:image:width\" content=\"1620\" \/>\n\t<meta property=\"og:image:height\" content=\"1080\" \/>\n\t<meta property=\"og:image:type\" content=\"image\/jpeg\" \/>\n<meta name=\"author\" content=\"oskeviestinta\" \/>\n<meta name=\"twitter:card\" content=\"summary_large_image\" \/>\n<meta name=\"twitter:label1\" content=\"Skriven av\" \/>\n\t<meta name=\"twitter:data1\" content=\"oskeviestinta\" \/>\n\t<meta name=\"twitter:label2\" content=\"Ber\u00e4knad l\u00e4stid\" \/>\n\t<meta name=\"twitter:data2\" content=\"6 minuter\" \/>\n<script type=\"application\/ld+json\" class=\"yoast-schema-graph\">{\"@context\":\"https:\\\/\\\/schema.org\",\"@graph\":[{\"@type\":\"Article\",\"@id\":\"https:\\\/\\\/yhdenvertaisuudenosaamiskeskus.partioscout.fi\\\/sv\\\/ajankohtaista\\\/jonna-varsa-till-likabehandlingsexpert\\\/#article\",\"isPartOf\":{\"@id\":\"https:\\\/\\\/yhdenvertaisuudenosaamiskeskus.partioscout.fi\\\/sv\\\/ajankohtaista\\\/jonna-varsa-till-likabehandlingsexpert\\\/\"},\"author\":{\"name\":\"oskeviestinta\",\"@id\":\"https:\\\/\\\/yhdenvertaisuudenosaamiskeskus.partioscout.fi\\\/#\\\/schema\\\/person\\\/961b421263df20c913a32f6d37b4efb0\"},\"headline\":\"Jonna Varsa till likabehandlingsexpert\",\"datePublished\":\"2026-03-26T06:00:08+00:00\",\"dateModified\":\"2026-03-26T06:00:09+00:00\",\"mainEntityOfPage\":{\"@id\":\"https:\\\/\\\/yhdenvertaisuudenosaamiskeskus.partioscout.fi\\\/sv\\\/ajankohtaista\\\/jonna-varsa-till-likabehandlingsexpert\\\/\"},\"wordCount\":441,\"image\":{\"@id\":\"https:\\\/\\\/yhdenvertaisuudenosaamiskeskus.partioscout.fi\\\/sv\\\/ajankohtaista\\\/jonna-varsa-till-likabehandlingsexpert\\\/#primaryimage\"},\"thumbnailUrl\":\"https:\\\/\\\/yhdenvertaisuudenosaamiskeskus.partioscout.fi\\\/wp-content\\\/uploads\\\/sites\\\/161\\\/2025\\\/04\\\/Yhdenvertaisuuden-nuorisoalan-osaamiskeskus-Munfilmi-Netta-Hautamaki-40.jpg\",\"articleSection\":[\"Okategoriserad\"],\"inLanguage\":\"sv-SE\"},{\"@type\":\"WebPage\",\"@id\":\"https:\\\/\\\/yhdenvertaisuudenosaamiskeskus.partioscout.fi\\\/sv\\\/ajankohtaista\\\/jonna-varsa-till-likabehandlingsexpert\\\/\",\"url\":\"https:\\\/\\\/yhdenvertaisuudenosaamiskeskus.partioscout.fi\\\/sv\\\/ajankohtaista\\\/jonna-varsa-till-likabehandlingsexpert\\\/\",\"name\":\"Jonna Varsa till likabehandlingsexpert - Yhdenvertaisuuden nuorisoalan osaamiskeskus\",\"isPartOf\":{\"@id\":\"https:\\\/\\\/yhdenvertaisuudenosaamiskeskus.partioscout.fi\\\/#website\"},\"primaryImageOfPage\":{\"@id\":\"https:\\\/\\\/yhdenvertaisuudenosaamiskeskus.partioscout.fi\\\/sv\\\/ajankohtaista\\\/jonna-varsa-till-likabehandlingsexpert\\\/#primaryimage\"},\"image\":{\"@id\":\"https:\\\/\\\/yhdenvertaisuudenosaamiskeskus.partioscout.fi\\\/sv\\\/ajankohtaista\\\/jonna-varsa-till-likabehandlingsexpert\\\/#primaryimage\"},\"thumbnailUrl\":\"https:\\\/\\\/yhdenvertaisuudenosaamiskeskus.partioscout.fi\\\/wp-content\\\/uploads\\\/sites\\\/161\\\/2025\\\/04\\\/Yhdenvertaisuuden-nuorisoalan-osaamiskeskus-Munfilmi-Netta-Hautamaki-40.jpg\",\"datePublished\":\"2026-03-26T06:00:08+00:00\",\"dateModified\":\"2026-03-26T06:00:09+00:00\",\"author\":{\"@id\":\"https:\\\/\\\/yhdenvertaisuudenosaamiskeskus.partioscout.fi\\\/#\\\/schema\\\/person\\\/961b421263df20c913a32f6d37b4efb0\"},\"description\":\"Jonna Varsa fr\u00e5n Finlands Scouter har b\u00f6rjat som likabehandlingsexpert vid Ungdomssektorns kompetenscenter f\u00f6r likabehandling. I hennes arbete ing\u00e5r att utbilda akt\u00f6rer inom ungdomssektorn i teman som r\u00f6r likabehandling.\",\"breadcrumb\":{\"@id\":\"https:\\\/\\\/yhdenvertaisuudenosaamiskeskus.partioscout.fi\\\/sv\\\/ajankohtaista\\\/jonna-varsa-till-likabehandlingsexpert\\\/#breadcrumb\"},\"inLanguage\":\"sv-SE\",\"potentialAction\":[{\"@type\":\"ReadAction\",\"target\":[\"https:\\\/\\\/yhdenvertaisuudenosaamiskeskus.partioscout.fi\\\/sv\\\/ajankohtaista\\\/jonna-varsa-till-likabehandlingsexpert\\\/\"]}]},{\"@type\":\"ImageObject\",\"inLanguage\":\"sv-SE\",\"@id\":\"https:\\\/\\\/yhdenvertaisuudenosaamiskeskus.partioscout.fi\\\/sv\\\/ajankohtaista\\\/jonna-varsa-till-likabehandlingsexpert\\\/#primaryimage\",\"url\":\"https:\\\/\\\/yhdenvertaisuudenosaamiskeskus.partioscout.fi\\\/wp-content\\\/uploads\\\/sites\\\/161\\\/2025\\\/04\\\/Yhdenvertaisuuden-nuorisoalan-osaamiskeskus-Munfilmi-Netta-Hautamaki-40.jpg\",\"contentUrl\":\"https:\\\/\\\/yhdenvertaisuudenosaamiskeskus.partioscout.fi\\\/wp-content\\\/uploads\\\/sites\\\/161\\\/2025\\\/04\\\/Yhdenvertaisuuden-nuorisoalan-osaamiskeskus-Munfilmi-Netta-Hautamaki-40.jpg\",\"width\":1620,\"height\":1080,\"caption\":\"Kuva: Munfilmi \\\/ Netta Hautam\u00e4ki\"},{\"@type\":\"BreadcrumbList\",\"@id\":\"https:\\\/\\\/yhdenvertaisuudenosaamiskeskus.partioscout.fi\\\/sv\\\/ajankohtaista\\\/jonna-varsa-till-likabehandlingsexpert\\\/#breadcrumb\",\"itemListElement\":[{\"@type\":\"ListItem\",\"position\":1,\"name\":\"Hem\",\"item\":\"https:\\\/\\\/yhdenvertaisuudenosaamiskeskus.partioscout.fi\\\/sv\\\/\"},{\"@type\":\"ListItem\",\"position\":2,\"name\":\"Jonna Varsa till likabehandlingsexpert\"}]},{\"@type\":\"WebSite\",\"@id\":\"https:\\\/\\\/yhdenvertaisuudenosaamiskeskus.partioscout.fi\\\/#website\",\"url\":\"https:\\\/\\\/yhdenvertaisuudenosaamiskeskus.partioscout.fi\\\/\",\"name\":\"Yhdenvertaisuuden nuorisoalan osaamiskeskus\",\"description\":\"Kohti yhdenvertaista nuoruutta\",\"potentialAction\":[{\"@type\":\"SearchAction\",\"target\":{\"@type\":\"EntryPoint\",\"urlTemplate\":\"https:\\\/\\\/yhdenvertaisuudenosaamiskeskus.partioscout.fi\\\/?s={search_term_string}\"},\"query-input\":{\"@type\":\"PropertyValueSpecification\",\"valueRequired\":true,\"valueName\":\"search_term_string\"}}],\"inLanguage\":\"sv-SE\"},{\"@type\":\"Person\",\"@id\":\"https:\\\/\\\/yhdenvertaisuudenosaamiskeskus.partioscout.fi\\\/#\\\/schema\\\/person\\\/961b421263df20c913a32f6d37b4efb0\",\"name\":\"oskeviestinta\",\"image\":{\"@type\":\"ImageObject\",\"inLanguage\":\"sv-SE\",\"@id\":\"https:\\\/\\\/yhdenvertaisuudenosaamiskeskus.partioscout.fi\\\/wp-content\\\/litespeed\\\/avatar\\\/161\\\/510377d7bc0031e6d77e25f70ea7c15c.jpg?ver=1788402329\",\"url\":\"https:\\\/\\\/yhdenvertaisuudenosaamiskeskus.partioscout.fi\\\/wp-content\\\/litespeed\\\/avatar\\\/161\\\/510377d7bc0031e6d77e25f70ea7c15c.jpg?ver=1788402329\",\"contentUrl\":\"https:\\\/\\\/yhdenvertaisuudenosaamiskeskus.partioscout.fi\\\/wp-content\\\/litespeed\\\/avatar\\\/161\\\/510377d7bc0031e6d77e25f70ea7c15c.jpg?ver=1788402329\",\"caption\":\"oskeviestinta\"},\"url\":\"https:\\\/\\\/yhdenvertaisuudenosaamiskeskus.partioscout.fi\\\/sv\\\/author\\\/oskeviestinta\\\/\"}]}<\/script>\n<!-- \/ Yoast SEO plugin. -->","yoast_head_json":{"title":"Jonna Varsa till likabehandlingsexpert - Yhdenvertaisuuden nuorisoalan osaamiskeskus","description":"Jonna Varsa fr\u00e5n Finlands Scouter har b\u00f6rjat som likabehandlingsexpert vid Ungdomssektorns kompetenscenter f\u00f6r likabehandling. I hennes arbete ing\u00e5r att utbilda akt\u00f6rer inom ungdomssektorn i teman som r\u00f6r likabehandling.","robots":{"index":"index","follow":"follow","max-snippet":"max-snippet:-1","max-image-preview":"max-image-preview:large","max-video-preview":"max-video-preview:-1"},"canonical":"https:\/\/yhdenvertaisuudenosaamiskeskus.partioscout.fi\/sv\/ajankohtaista\/jonna-varsa-till-likabehandlingsexpert\/","og_locale":"sv_SE","og_type":"article","og_title":"Jonna Varsa till likabehandlingsexpert - Yhdenvertaisuuden nuorisoalan osaamiskeskus","og_description":"Jonna Varsa fr\u00e5n Finlands Scouter har b\u00f6rjat som likabehandlingsexpert vid Ungdomssektorns kompetenscenter f\u00f6r likabehandling. I hennes arbete ing\u00e5r att utbilda akt\u00f6rer inom ungdomssektorn i teman som r\u00f6r likabehandling.","og_url":"https:\/\/yhdenvertaisuudenosaamiskeskus.partioscout.fi\/sv\/ajankohtaista\/jonna-varsa-till-likabehandlingsexpert\/","og_site_name":"Yhdenvertaisuuden nuorisoalan osaamiskeskus","article_published_time":"2026-03-26T06:00:08+00:00","article_modified_time":"2026-03-26T06:00:09+00:00","og_image":[{"width":1620,"height":1080,"url":"https:\/\/yhdenvertaisuudenosaamiskeskus.partioscout.fi\/wp-content\/uploads\/sites\/161\/2025\/04\/Yhdenvertaisuuden-nuorisoalan-osaamiskeskus-Munfilmi-Netta-Hautamaki-40.jpg","type":"image\/jpeg"}],"author":"oskeviestinta","twitter_card":"summary_large_image","twitter_misc":{"Skriven av":"oskeviestinta","Ber\u00e4knad l\u00e4stid":"6 minuter"},"schema":{"@context":"https:\/\/schema.org","@graph":[{"@type":"Article","@id":"https:\/\/yhdenvertaisuudenosaamiskeskus.partioscout.fi\/sv\/ajankohtaista\/jonna-varsa-till-likabehandlingsexpert\/#article","isPartOf":{"@id":"https:\/\/yhdenvertaisuudenosaamiskeskus.partioscout.fi\/sv\/ajankohtaista\/jonna-varsa-till-likabehandlingsexpert\/"},"author":{"name":"oskeviestinta","@id":"https:\/\/yhdenvertaisuudenosaamiskeskus.partioscout.fi\/#\/schema\/person\/961b421263df20c913a32f6d37b4efb0"},"headline":"Jonna Varsa till likabehandlingsexpert","datePublished":"2026-03-26T06:00:08+00:00","dateModified":"2026-03-26T06:00:09+00:00","mainEntityOfPage":{"@id":"https:\/\/yhdenvertaisuudenosaamiskeskus.partioscout.fi\/sv\/ajankohtaista\/jonna-varsa-till-likabehandlingsexpert\/"},"wordCount":441,"image":{"@id":"https:\/\/yhdenvertaisuudenosaamiskeskus.partioscout.fi\/sv\/ajankohtaista\/jonna-varsa-till-likabehandlingsexpert\/#primaryimage"},"thumbnailUrl":"https:\/\/yhdenvertaisuudenosaamiskeskus.partioscout.fi\/wp-content\/uploads\/sites\/161\/2025\/04\/Yhdenvertaisuuden-nuorisoalan-osaamiskeskus-Munfilmi-Netta-Hautamaki-40.jpg","articleSection":["Okategoriserad"],"inLanguage":"sv-SE"},{"@type":"WebPage","@id":"https:\/\/yhdenvertaisuudenosaamiskeskus.partioscout.fi\/sv\/ajankohtaista\/jonna-varsa-till-likabehandlingsexpert\/","url":"https:\/\/yhdenvertaisuudenosaamiskeskus.partioscout.fi\/sv\/ajankohtaista\/jonna-varsa-till-likabehandlingsexpert\/","name":"Jonna Varsa till likabehandlingsexpert - Yhdenvertaisuuden nuorisoalan osaamiskeskus","isPartOf":{"@id":"https:\/\/yhdenvertaisuudenosaamiskeskus.partioscout.fi\/#website"},"primaryImageOfPage":{"@id":"https:\/\/yhdenvertaisuudenosaamiskeskus.partioscout.fi\/sv\/ajankohtaista\/jonna-varsa-till-likabehandlingsexpert\/#primaryimage"},"image":{"@id":"https:\/\/yhdenvertaisuudenosaamiskeskus.partioscout.fi\/sv\/ajankohtaista\/jonna-varsa-till-likabehandlingsexpert\/#primaryimage"},"thumbnailUrl":"https:\/\/yhdenvertaisuudenosaamiskeskus.partioscout.fi\/wp-content\/uploads\/sites\/161\/2025\/04\/Yhdenvertaisuuden-nuorisoalan-osaamiskeskus-Munfilmi-Netta-Hautamaki-40.jpg","datePublished":"2026-03-26T06:00:08+00:00","dateModified":"2026-03-26T06:00:09+00:00","author":{"@id":"https:\/\/yhdenvertaisuudenosaamiskeskus.partioscout.fi\/#\/schema\/person\/961b421263df20c913a32f6d37b4efb0"},"description":"Jonna Varsa fr\u00e5n Finlands Scouter har b\u00f6rjat som likabehandlingsexpert vid Ungdomssektorns kompetenscenter f\u00f6r likabehandling. I hennes arbete ing\u00e5r att utbilda akt\u00f6rer inom ungdomssektorn i teman som r\u00f6r likabehandling.","breadcrumb":{"@id":"https:\/\/yhdenvertaisuudenosaamiskeskus.partioscout.fi\/sv\/ajankohtaista\/jonna-varsa-till-likabehandlingsexpert\/#breadcrumb"},"inLanguage":"sv-SE","potentialAction":[{"@type":"ReadAction","target":["https:\/\/yhdenvertaisuudenosaamiskeskus.partioscout.fi\/sv\/ajankohtaista\/jonna-varsa-till-likabehandlingsexpert\/"]}]},{"@type":"ImageObject","inLanguage":"sv-SE","@id":"https:\/\/yhdenvertaisuudenosaamiskeskus.partioscout.fi\/sv\/ajankohtaista\/jonna-varsa-till-likabehandlingsexpert\/#primaryimage","url":"https:\/\/yhdenvertaisuudenosaamiskeskus.partioscout.fi\/wp-content\/uploads\/sites\/161\/2025\/04\/Yhdenvertaisuuden-nuorisoalan-osaamiskeskus-Munfilmi-Netta-Hautamaki-40.jpg","contentUrl":"https:\/\/yhdenvertaisuudenosaamiskeskus.partioscout.fi\/wp-content\/uploads\/sites\/161\/2025\/04\/Yhdenvertaisuuden-nuorisoalan-osaamiskeskus-Munfilmi-Netta-Hautamaki-40.jpg","width":1620,"height":1080,"caption":"Kuva: Munfilmi \/ Netta Hautam\u00e4ki"},{"@type":"BreadcrumbList","@id":"https:\/\/yhdenvertaisuudenosaamiskeskus.partioscout.fi\/sv\/ajankohtaista\/jonna-varsa-till-likabehandlingsexpert\/#breadcrumb","itemListElement":[{"@type":"ListItem","position":1,"name":"Hem","item":"https:\/\/yhdenvertaisuudenosaamiskeskus.partioscout.fi\/sv\/"},{"@type":"ListItem","position":2,"name":"Jonna Varsa till likabehandlingsexpert"}]},{"@type":"WebSite","@id":"https:\/\/yhdenvertaisuudenosaamiskeskus.partioscout.fi\/#website","url":"https:\/\/yhdenvertaisuudenosaamiskeskus.partioscout.fi\/","name":"Yhdenvertaisuuden nuorisoalan osaamiskeskus","description":"Kohti yhdenvertaista nuoruutta","potentialAction":[{"@type":"SearchAction","target":{"@type":"EntryPoint","urlTemplate":"https:\/\/yhdenvertaisuudenosaamiskeskus.partioscout.fi\/?s={search_term_string}"},"query-input":{"@type":"PropertyValueSpecification","valueRequired":true,"valueName":"search_term_string"}}],"inLanguage":"sv-SE"},{"@type":"Person","@id":"https:\/\/yhdenvertaisuudenosaamiskeskus.partioscout.fi\/#\/schema\/person\/961b421263df20c913a32f6d37b4efb0","name":"oskeviestinta","image":{"@type":"ImageObject","inLanguage":"sv-SE","@id":"https:\/\/yhdenvertaisuudenosaamiskeskus.partioscout.fi\/wp-content\/litespeed\/avatar\/161\/510377d7bc0031e6d77e25f70ea7c15c.jpg?ver=1788402329","url":"https:\/\/yhdenvertaisuudenosaamiskeskus.partioscout.fi\/wp-content\/litespeed\/avatar\/161\/510377d7bc0031e6d77e25f70ea7c15c.jpg?ver=1788402329","contentUrl":"https:\/\/yhdenvertaisuudenosaamiskeskus.partioscout.fi\/wp-content\/litespeed\/avatar\/161\/510377d7bc0031e6d77e25f70ea7c15c.jpg?ver=1788402329","caption":"oskeviestinta"},"url":"https:\/\/yhdenvertaisuudenosaamiskeskus.partioscout.fi\/sv\/author\/oskeviestinta\/"}]}},"_links":{"self":[{"href":"https:\/\/yhdenvertaisuudenosaamiskeskus.partioscout.fi\/sv\/wp-json\/wp\/v2\/posts\/1373","targetHints":{"allow":["GET"]}}],"collection":[{"href":"https:\/\/yhdenvertaisuudenosaamiskeskus.partioscout.fi\/sv\/wp-json\/wp\/v2\/posts"}],"about":[{"href":"https:\/\/yhdenvertaisuudenosaamiskeskus.partioscout.fi\/sv\/wp-json\/wp\/v2\/types\/post"}],"author":[{"embeddable":true,"href":"https:\/\/yhdenvertaisuudenosaamiskeskus.partioscout.fi\/sv\/wp-json\/wp\/v2\/users\/364"}],"replies":[{"embeddable":true,"href":"https:\/\/yhdenvertaisuudenosaamiskeskus.partioscout.fi\/sv\/wp-json\/wp\/v2\/comments?post=1373"}],"version-history":[{"count":1,"href":"https:\/\/yhdenvertaisuudenosaamiskeskus.partioscout.fi\/sv\/wp-json\/wp\/v2\/posts\/1373\/revisions"}],"predecessor-version":[{"id":1374,"href":"https:\/\/yhdenvertaisuudenosaamiskeskus.partioscout.fi\/sv\/wp-json\/wp\/v2\/posts\/1373\/revisions\/1374"}],"wp:featuredmedia":[{"embeddable":true,"href":"https:\/\/yhdenvertaisuudenosaamiskeskus.partioscout.fi\/sv\/wp-json\/wp\/v2\/media\/379"}],"wp:attachment":[{"href":"https:\/\/yhdenvertaisuudenosaamiskeskus.partioscout.fi\/sv\/wp-json\/wp\/v2\/media?parent=1373"}],"wp:term":[{"taxonomy":"category","embeddable":true,"href":"https:\/\/yhdenvertaisuudenosaamiskeskus.partioscout.fi\/sv\/wp-json\/wp\/v2\/categories?post=1373"}],"curies":[{"name":"wp","href":"https:\/\/api.w.org\/{rel}","templated":true}]}}