{"id":1855,"date":"2026-08-31T13:01:46","date_gmt":"2026-08-31T10:01:46","guid":{"rendered":"https:\/\/yhdenvertaisuudenosaamiskeskus.partioscout.fi\/?p=1855"},"modified":"2026-08-31T13:01:48","modified_gmt":"2026-08-31T10:01:48","slug":"blogg-insikter-fran-praktiken-inom-likabehandlingsarbete","status":"publish","type":"post","link":"https:\/\/yhdenvertaisuudenosaamiskeskus.partioscout.fi\/sv\/ajankohtaista\/blogg-insikter-fran-praktiken-inom-likabehandlingsarbete\/","title":{"rendered":"Blogg: Insikter fr\u00e5n praktiken inom likabehandlingsarbete"},"content":{"rendered":"\n<p class=\"wp-block-paragraph\"><\/p>\n\n\n\n\n<div class=\"block-article-content article full-width id-block\">\n\t<div class=\"container-lg\">\n\t\t<div class=\"row\">\n\t\t\t<div class=\"col d-none d-lg-block col-lg-4 col-xxl-3\">\n\t\t\t\t<div class=\"sidebar-posts\">\n\t<p class=\"sidebar-title\">Senaste artiklarna<\/p>\n\t<ul class=\"latest\">\n\t\t\t\t<li class=\"article\">\n\t\t\t<span class=\"date\">31.8.2026<\/span>\n\t\t\t<a href=\"https:\/\/yhdenvertaisuudenosaamiskeskus.partioscout.fi\/sv\/ajankohtaista\/blogg-insikter-fran-praktiken-inom-likabehandlingsarbete\/\" class=\"link\">Blogg: Insikter fr\u00e5n praktiken inom likabehandlingsarbete<\/a>\n\t\t<\/li>\n\t\t\t\t<li class=\"article\">\n\t\t\t<span class=\"date\">26.6.2026<\/span>\n\t\t\t<a href=\"https:\/\/yhdenvertaisuudenosaamiskeskus.partioscout.fi\/sv\/ajankohtaista\/blogg-ungdomsarbete-goes-pride-exempel-fran-ostra-finland\/\" class=\"link\">Blogg: Ungdomsarbete Goes Pride \u2013 exempel fr\u00e5n \u00d6stra Finland<\/a>\n\t\t<\/li>\n\t\t\t\t<li class=\"article\">\n\t\t\t<span class=\"date\">10.6.2026<\/span>\n\t\t\t<a href=\"https:\/\/yhdenvertaisuudenosaamiskeskus.partioscout.fi\/sv\/ajankohtaista\/blogg-sex-starka-skal-att-gora-en-verksamhetsinriktad-likabehandlingsplan-for-ungdomsarbetet\/\" class=\"link\">Blogg: Sex starka sk\u00e4l att g\u00f6ra en verksamhetsinriktad likabehandlingsplan f\u00f6r ungdomsarbetet<\/a>\n\t\t<\/li>\n\t\t\t\t<li class=\"article\">\n\t\t\t<span class=\"date\">3.6.2026<\/span>\n\t\t\t<a href=\"https:\/\/yhdenvertaisuudenosaamiskeskus.partioscout.fi\/sv\/ajankohtaista\/blogg-betydelsen-av-queergladje-for-regnbagsunga\/\" class=\"link\">Blogg: Betydelsen av queergl\u00e4dje f\u00f6r regnb\u00e5gsunga<\/a>\n\t\t<\/li>\n\t\t\t\t<li class=\"article\">\n\t\t\t<span class=\"date\">29.5.2026<\/span>\n\t\t\t<a href=\"https:\/\/yhdenvertaisuudenosaamiskeskus.partioscout.fi\/sv\/ajankohtaista\/erkannande-till-kompetenscentret-for-effektivt-framjande-av-ungdomsarbete\/\" class=\"link\">Erk\u00e4nnande till kompetenscentret f\u00f6r effektivt fr\u00e4mjande av ungdomsarbete<\/a>\n\t\t<\/li>\n\t\t\t<\/ul>\n\t<a class=\"more\" href=\"https:\/\/yhdenvertaisuudenosaamiskeskus.partioscout.fi\/sv\/nyheter\/\">Alla artiklar<\/a>\n<\/div>\n\t\t\t<\/div>\n\t\t\t<div class=\"col col-12 col-lg-8 col-xxl-7 offset-xxl-1\">\t\n\t\t\t\t<p class=\"entry-date\">Publicerad 31.8.2026<\/p>\n\t\t\t\t\t\t\t\t<ul class=\"post-terms\">\n\t\t\t\t\t\t\t\t\t\t\t\t\t\t\t\t\t<li><a href=\"https:\/\/yhdenvertaisuudenosaamiskeskus.partioscout.fi\/sv\/category\/okategoriserad\/\">Okategoriserad<\/a><\/li>\n\t\t\t\t\t\t\t\t\t\t\t\t\t\t\t<\/ul>\n\t\t\t\t\t\t\t\t<h1 class=\"entry-title\" id=\"entry-title-6a9abb6264d87\">Blogg: Insikter fr\u00e5n praktiken inom likabehandlingsarbete<\/h1>\n\t\t\t\t<div class=\"inner-blocks entry-content\">\n\t\t\t\t\t\t\t\t\t\t\t\n\n<p class=\"is-style-ingress wp-block-paragraph\">I v\u00e5ras b\u00f6rjade jag min praktik vid Ungdomssektorns kompetenscenter f\u00f6r likabehandling som en del av mina h\u00f6gskolestudier. Jag studerar till samh\u00e4llspedagog vid Humanistiska yrkesh\u00f6gskolan och inriktar mina studier p\u00e5 organisations- och ungdomsarbete, men min praktikplats passar inte helt in i n\u00e5gon av dessa kategorier. Just d\u00e4rf\u00f6r har praktiken varit s\u00e4rskilt givande: den har visat hur m\u00e5ngsidiga arbetsuppgifter en samh\u00e4llspedagog kan ha. Samtidigt har jag l\u00e4rt mig mycket om likabehandlingsarbete, kommunikation och om vilket arbete som kr\u00e4vs f\u00f6r att skapa genomslag.<\/p>\n\n\n\n<h2 class=\"wp-block-heading\">Organisationsarbete \u00e4r mycket mer \u00e4n evenemang<\/h2>\n\n\n\n<p class=\"wp-block-paragraph\">F\u00f6r m\u00e5nga f\u00f6rknippas organisationsarbete f\u00f6rst och fr\u00e4mst med att ordna evenemang eller koordinera frivilligverksamhet. Under min praktik har jag uppt\u00e4ckt att det bakom kulisserna g\u00f6rs en enorm m\u00e4ngd planeringsarbete, kommunikation och samarbete med olika akt\u00f6rer. Likabehandling byggs inte upp genom enskilda kampanjer, utan genom l\u00e5ngsiktigt utvecklingsarbete, utbildningar och framtagning av material.<\/p>\n\n\n\n<p class=\"wp-block-paragraph\">Under min praktik har jag till exempel f\u00e5tt planera och genomf\u00f6ra inl\u00e4gg i sociala medier, delta i arbetet med olika material, medverka i utbildningar och vara med och utveckla kampanjer. Det har varit intressant att se hur olika arbetsuppgifter knyts samman kring samma m\u00e5l: att likabehandling ska synas i praktiken i ungdomsakt\u00f6rernas vardag.<\/p>\n\n\n\n<h2 class=\"wp-block-heading\">En bra arbetsgemenskap m\u00e4rks i vardagen<\/h2>\n\n\n\n<p class=\"wp-block-paragraph\">Under min praktik har jag varit s\u00e4rskilt n\u00f6jd med den omfattande introduktionen och med hur v\u00e4l jag har blivit mottagen. Arbetet \u00e4r ocks\u00e5 tydligt organiserat och styrt, ansvarsomr\u00e5dena \u00e4r klara och de gemensamma m\u00e5len syns i det dagliga arbetet. Alla vet vad de g\u00f6r, varf\u00f6r de g\u00f6r det och f\u00f6r vilken m\u00e5lgrupp.<\/p>\n\n\n\n<p class=\"wp-block-paragraph\">S\u00e4rskilt v\u00e4rdefullt har det k\u00e4nts att alltid f\u00e5 st\u00f6d, v\u00e4gledning och m\u00f6jlighet att bolla id\u00e9er n\u00e4r det beh\u00f6vts. Man beh\u00f6ver inte kunna allting fr\u00e5n b\u00f6rjan, utan det \u00e4r till\u00e5tet att st\u00e4lla fr\u00e5gor och utveckla id\u00e9er tillsammans. Det har st\u00e4rkt mitt professionella sj\u00e4lvf\u00f6rtroende och p\u00e5mint mig om att ett gott teamarbete bygger p\u00e5 \u00f6ppen kommunikation och m\u00f6jligheten att l\u00e4ra sig tillsammans.<\/p>\n\n\n\n<h2 class=\"wp-block-heading\">Kommunikation skapar genomslag<\/h2>\n\n\n\n<p class=\"wp-block-paragraph\">Kommunikation och n\u00e4tverksarbete har st\u00e5tt i centrum under min praktik. Varje inl\u00e4gg, material och kampanj \u00e4r en del av en st\u00f6rre helhet vars m\u00e5l \u00e4r att n\u00e5 r\u00e4tt m\u00e4nniskor och v\u00e4cka tankar. I bakgrunden funderar man p\u00e5 m\u00e5lgrupper, budskapens tydlighet och hur olika fr\u00e5gor b\u00e4st kan kommuniceras.<\/p>\n\n\n\n<p class=\"wp-block-paragraph\">Det har f\u00e5tt mig att fundera p\u00e5 en hur viktig del kommunikationen ocks\u00e5 \u00e4r i en samh\u00e4llspedagogs arbete. Bra id\u00e9er r\u00e4cker inte om man inte kan f\u00f6rmedla dem p\u00e5 ett begripligt och inspirerande s\u00e4tt.<\/p>\n\n\n\n<h2 class=\"wp-block-heading\">I framtiden beh\u00f6vs m\u00e5ngsidiga yrkesm\u00e4nniskor<\/h2>\n\n\n\n<p class=\"wp-block-paragraph\">Jag tror att organisationsarbete kommer att bli \u00e4nnu mer m\u00e5ngsidigt i framtiden. Digital kommunikation, p\u00e5verkansarbete, planering av utbildningar och n\u00e4tverkssamarbete \u00e4r allt viktigare delar av vardagen. Samtidigt beh\u00f6vs yrkesm\u00e4nniskor som kan bem\u00f6ta olika m\u00e4nniskor och bygga gemenskaper ocks\u00e5 p\u00e5 n\u00e4tet.<\/p>\n\n\n\n<p class=\"wp-block-paragraph\">Den egna kompetensen kan anv\u00e4ndas i m\u00e5nga olika milj\u00f6er n\u00e4r man \u00e4r beredd att l\u00e4ra sig nytt och se p\u00e5 saker ur flera perspektiv. L\u00e4randet och utbildningen tar inte slut n\u00e4r man f\u00e5r sin examen. Varje dag kan man l\u00e4ra sig n\u00e5got nytt.<\/p>\n\n\n\n<h2 class=\"wp-block-heading\">Varf\u00f6r l\u00f6nar det sig att ta med studerande?<\/h2>\n\n\n\n<p class=\"wp-block-paragraph\">En praktikperiod gynnar b\u00e5de den studerande och arbetsgemenskapen. Den studerande f\u00e5r m\u00f6jlighet att i praktiken pr\u00f6va p\u00e5 s\u00e5dant som hen har l\u00e4rt sig under studierna och uppt\u00e4cka nya intresseomr\u00e5den. Samtidigt f\u00e5r arbetsgemenskapen nya perspektiv, fr\u00e5gor och id\u00e9er som i b\u00e4sta fall kan bidra till att utveckla verksamheten.<\/p>\n\n\n\n<p class=\"wp-block-paragraph\">F\u00f6r min del har praktiken st\u00e4rkt min k\u00e4nsla av att jag vill arbeta med m\u00e4nniskor och gemenskaper. Samtidigt har jag f\u00e5tt st\u00f6rre tilltro till att man inte beh\u00f6ver veta sin riktning fr\u00e5n b\u00f6rjan \u2013 ibland hittar man den b\u00e4st genom att prova sig fram.<\/p>\n\n\n<div class=\"wp-block-image\">\n<figure class=\"aligncenter size-full\"><img decoding=\"async\" width=\"518\" height=\"690\" src=\"https:\/\/yhdenvertaisuudenosaamiskeskus.partioscout.fi\/wp-content\/uploads\/sites\/161\/2026\/08\/Elena-Suokas.jpg\" alt=\"Elena Suokas.\" class=\"wp-image-1856\" srcset=\"https:\/\/yhdenvertaisuudenosaamiskeskus.partioscout.fi\/wp-content\/uploads\/sites\/161\/2026\/08\/Elena-Suokas.jpg 518w, https:\/\/yhdenvertaisuudenosaamiskeskus.partioscout.fi\/wp-content\/uploads\/sites\/161\/2026\/08\/Elena-Suokas-225x300.jpg 225w, https:\/\/yhdenvertaisuudenosaamiskeskus.partioscout.fi\/wp-content\/uploads\/sites\/161\/2026\/08\/Elena-Suokas-264x352.jpg 264w\" sizes=\"(max-width: 518px) 85vw, 518px\" \/><figcaption class=\"wp-element-caption\"><em>Skribent: Elena Suokas. F\u00f6rfattaren studerar till samh\u00e4llspedagog vid Humanistiska yrkesh\u00f6gskolan (Humak) och g\u00f6r sin praktik vid Ungdomssektorns kompetenscenter f\u00f6r likabehandling.<\/em><\/figcaption><\/figure>\n<\/div>\n\n\t\t\t\t\t\t\t\t\t<\/div>\n\t\t\t<\/div>\n\t\t<\/div>\n\t<\/div>\t\n\t\t<\/div>\n\n\n\n<p class=\"wp-block-paragraph\"><\/p>\n","protected":false},"excerpt":{"rendered":"","protected":false},"author":364,"featured_media":334,"comment_status":"closed","ping_status":"closed","sticky":false,"template":"","format":"standard","meta":{"_acf_changed":false,"footnotes":""},"categories":[6],"class_list":["post-1855","post","type-post","status-publish","format-standard","has-post-thumbnail","hentry","category-okategoriserad"],"acf":[],"yoast_head":"<!-- This site is optimized with the Yoast SEO plugin v28.2 - https:\/\/yoast.com\/product\/yoast-seo-wordpress\/ -->\n<title>Blogg: Insikter fr\u00e5n praktiken inom likabehandlingsarbete - Yhdenvertaisuuden nuorisoalan osaamiskeskus<\/title>\n<meta name=\"description\" content=\"I v\u00e5ras b\u00f6rjade jag min praktik vid Ungdomssektorns kompetenscenter f\u00f6r likabehandling som en del av mina h\u00f6gskolestudier\" \/>\n<meta name=\"robots\" content=\"index, follow, max-snippet:-1, max-image-preview:large, max-video-preview:-1\" \/>\n<link rel=\"canonical\" href=\"https:\/\/yhdenvertaisuudenosaamiskeskus.partioscout.fi\/sv\/ajankohtaista\/blogg-insikter-fran-praktiken-inom-likabehandlingsarbete\/\" \/>\n<meta property=\"og:locale\" content=\"sv_SE\" \/>\n<meta property=\"og:type\" content=\"article\" \/>\n<meta property=\"og:title\" content=\"Blogg: Insikter fr\u00e5n praktiken inom likabehandlingsarbete - Yhdenvertaisuuden nuorisoalan osaamiskeskus\" \/>\n<meta property=\"og:description\" content=\"I v\u00e5ras b\u00f6rjade jag min praktik vid Ungdomssektorns kompetenscenter f\u00f6r likabehandling som en del av mina h\u00f6gskolestudier\" \/>\n<meta property=\"og:url\" content=\"https:\/\/yhdenvertaisuudenosaamiskeskus.partioscout.fi\/sv\/ajankohtaista\/blogg-insikter-fran-praktiken-inom-likabehandlingsarbete\/\" \/>\n<meta property=\"og:site_name\" content=\"Yhdenvertaisuuden nuorisoalan osaamiskeskus\" \/>\n<meta property=\"article:published_time\" content=\"2026-08-31T10:01:46+00:00\" \/>\n<meta property=\"article:modified_time\" content=\"2026-08-31T10:01:48+00:00\" \/>\n<meta property=\"og:image\" content=\"https:\/\/yhdenvertaisuudenosaamiskeskus.partioscout.fi\/wp-content\/uploads\/sites\/161\/2025\/04\/oske-SOMEKOKO-05.jpg\" \/>\n\t<meta property=\"og:image:width\" content=\"1620\" \/>\n\t<meta property=\"og:image:height\" content=\"1080\" \/>\n\t<meta property=\"og:image:type\" content=\"image\/jpeg\" \/>\n<meta name=\"author\" content=\"oskeviestinta\" \/>\n<meta name=\"twitter:card\" content=\"summary_large_image\" \/>\n<meta name=\"twitter:label1\" content=\"Skriven av\" \/>\n\t<meta name=\"twitter:data1\" content=\"oskeviestinta\" \/>\n\t<meta name=\"twitter:label2\" content=\"Ber\u00e4knad l\u00e4stid\" \/>\n\t<meta name=\"twitter:data2\" content=\"9 minuter\" \/>\n<script type=\"application\/ld+json\" class=\"yoast-schema-graph\">{\"@context\":\"https:\\\/\\\/schema.org\",\"@graph\":[{\"@type\":\"Article\",\"@id\":\"https:\\\/\\\/yhdenvertaisuudenosaamiskeskus.partioscout.fi\\\/sv\\\/ajankohtaista\\\/blogg-insikter-fran-praktiken-inom-likabehandlingsarbete\\\/#article\",\"isPartOf\":{\"@id\":\"https:\\\/\\\/yhdenvertaisuudenosaamiskeskus.partioscout.fi\\\/sv\\\/ajankohtaista\\\/blogg-insikter-fran-praktiken-inom-likabehandlingsarbete\\\/\"},\"author\":{\"name\":\"oskeviestinta\",\"@id\":\"https:\\\/\\\/yhdenvertaisuudenosaamiskeskus.partioscout.fi\\\/#\\\/schema\\\/person\\\/961b421263df20c913a32f6d37b4efb0\"},\"headline\":\"Blogg: Insikter fr\u00e5n praktiken inom likabehandlingsarbete\",\"datePublished\":\"2026-08-31T10:01:46+00:00\",\"dateModified\":\"2026-08-31T10:01:48+00:00\",\"mainEntityOfPage\":{\"@id\":\"https:\\\/\\\/yhdenvertaisuudenosaamiskeskus.partioscout.fi\\\/sv\\\/ajankohtaista\\\/blogg-insikter-fran-praktiken-inom-likabehandlingsarbete\\\/\"},\"wordCount\":735,\"image\":{\"@id\":\"https:\\\/\\\/yhdenvertaisuudenosaamiskeskus.partioscout.fi\\\/sv\\\/ajankohtaista\\\/blogg-insikter-fran-praktiken-inom-likabehandlingsarbete\\\/#primaryimage\"},\"thumbnailUrl\":\"https:\\\/\\\/yhdenvertaisuudenosaamiskeskus.partioscout.fi\\\/wp-content\\\/uploads\\\/sites\\\/161\\\/2025\\\/04\\\/oske-SOMEKOKO-05.jpg\",\"articleSection\":[\"Okategoriserad\"],\"inLanguage\":\"sv-SE\"},{\"@type\":\"WebPage\",\"@id\":\"https:\\\/\\\/yhdenvertaisuudenosaamiskeskus.partioscout.fi\\\/sv\\\/ajankohtaista\\\/blogg-insikter-fran-praktiken-inom-likabehandlingsarbete\\\/\",\"url\":\"https:\\\/\\\/yhdenvertaisuudenosaamiskeskus.partioscout.fi\\\/sv\\\/ajankohtaista\\\/blogg-insikter-fran-praktiken-inom-likabehandlingsarbete\\\/\",\"name\":\"Blogg: Insikter fr\u00e5n praktiken inom likabehandlingsarbete - Yhdenvertaisuuden nuorisoalan osaamiskeskus\",\"isPartOf\":{\"@id\":\"https:\\\/\\\/yhdenvertaisuudenosaamiskeskus.partioscout.fi\\\/#website\"},\"primaryImageOfPage\":{\"@id\":\"https:\\\/\\\/yhdenvertaisuudenosaamiskeskus.partioscout.fi\\\/sv\\\/ajankohtaista\\\/blogg-insikter-fran-praktiken-inom-likabehandlingsarbete\\\/#primaryimage\"},\"image\":{\"@id\":\"https:\\\/\\\/yhdenvertaisuudenosaamiskeskus.partioscout.fi\\\/sv\\\/ajankohtaista\\\/blogg-insikter-fran-praktiken-inom-likabehandlingsarbete\\\/#primaryimage\"},\"thumbnailUrl\":\"https:\\\/\\\/yhdenvertaisuudenosaamiskeskus.partioscout.fi\\\/wp-content\\\/uploads\\\/sites\\\/161\\\/2025\\\/04\\\/oske-SOMEKOKO-05.jpg\",\"datePublished\":\"2026-08-31T10:01:46+00:00\",\"dateModified\":\"2026-08-31T10:01:48+00:00\",\"author\":{\"@id\":\"https:\\\/\\\/yhdenvertaisuudenosaamiskeskus.partioscout.fi\\\/#\\\/schema\\\/person\\\/961b421263df20c913a32f6d37b4efb0\"},\"description\":\"I v\u00e5ras b\u00f6rjade jag min praktik vid Ungdomssektorns kompetenscenter f\u00f6r likabehandling som en del av mina h\u00f6gskolestudier\",\"breadcrumb\":{\"@id\":\"https:\\\/\\\/yhdenvertaisuudenosaamiskeskus.partioscout.fi\\\/sv\\\/ajankohtaista\\\/blogg-insikter-fran-praktiken-inom-likabehandlingsarbete\\\/#breadcrumb\"},\"inLanguage\":\"sv-SE\",\"potentialAction\":[{\"@type\":\"ReadAction\",\"target\":[\"https:\\\/\\\/yhdenvertaisuudenosaamiskeskus.partioscout.fi\\\/sv\\\/ajankohtaista\\\/blogg-insikter-fran-praktiken-inom-likabehandlingsarbete\\\/\"]}]},{\"@type\":\"ImageObject\",\"inLanguage\":\"sv-SE\",\"@id\":\"https:\\\/\\\/yhdenvertaisuudenosaamiskeskus.partioscout.fi\\\/sv\\\/ajankohtaista\\\/blogg-insikter-fran-praktiken-inom-likabehandlingsarbete\\\/#primaryimage\",\"url\":\"https:\\\/\\\/yhdenvertaisuudenosaamiskeskus.partioscout.fi\\\/wp-content\\\/uploads\\\/sites\\\/161\\\/2025\\\/04\\\/oske-SOMEKOKO-05.jpg\",\"contentUrl\":\"https:\\\/\\\/yhdenvertaisuudenosaamiskeskus.partioscout.fi\\\/wp-content\\\/uploads\\\/sites\\\/161\\\/2025\\\/04\\\/oske-SOMEKOKO-05.jpg\",\"width\":1620,\"height\":1080},{\"@type\":\"BreadcrumbList\",\"@id\":\"https:\\\/\\\/yhdenvertaisuudenosaamiskeskus.partioscout.fi\\\/sv\\\/ajankohtaista\\\/blogg-insikter-fran-praktiken-inom-likabehandlingsarbete\\\/#breadcrumb\",\"itemListElement\":[{\"@type\":\"ListItem\",\"position\":1,\"name\":\"Hem\",\"item\":\"https:\\\/\\\/yhdenvertaisuudenosaamiskeskus.partioscout.fi\\\/sv\\\/\"},{\"@type\":\"ListItem\",\"position\":2,\"name\":\"Blogg: Insikter fr\u00e5n praktiken inom likabehandlingsarbete\"}]},{\"@type\":\"WebSite\",\"@id\":\"https:\\\/\\\/yhdenvertaisuudenosaamiskeskus.partioscout.fi\\\/#website\",\"url\":\"https:\\\/\\\/yhdenvertaisuudenosaamiskeskus.partioscout.fi\\\/\",\"name\":\"Yhdenvertaisuuden nuorisoalan osaamiskeskus\",\"description\":\"Kohti yhdenvertaista nuoruutta\",\"potentialAction\":[{\"@type\":\"SearchAction\",\"target\":{\"@type\":\"EntryPoint\",\"urlTemplate\":\"https:\\\/\\\/yhdenvertaisuudenosaamiskeskus.partioscout.fi\\\/?s={search_term_string}\"},\"query-input\":{\"@type\":\"PropertyValueSpecification\",\"valueRequired\":true,\"valueName\":\"search_term_string\"}}],\"inLanguage\":\"sv-SE\"},{\"@type\":\"Person\",\"@id\":\"https:\\\/\\\/yhdenvertaisuudenosaamiskeskus.partioscout.fi\\\/#\\\/schema\\\/person\\\/961b421263df20c913a32f6d37b4efb0\",\"name\":\"oskeviestinta\",\"image\":{\"@type\":\"ImageObject\",\"inLanguage\":\"sv-SE\",\"@id\":\"https:\\\/\\\/yhdenvertaisuudenosaamiskeskus.partioscout.fi\\\/wp-content\\\/litespeed\\\/avatar\\\/161\\\/510377d7bc0031e6d77e25f70ea7c15c.jpg?ver=1788402329\",\"url\":\"https:\\\/\\\/yhdenvertaisuudenosaamiskeskus.partioscout.fi\\\/wp-content\\\/litespeed\\\/avatar\\\/161\\\/510377d7bc0031e6d77e25f70ea7c15c.jpg?ver=1788402329\",\"contentUrl\":\"https:\\\/\\\/yhdenvertaisuudenosaamiskeskus.partioscout.fi\\\/wp-content\\\/litespeed\\\/avatar\\\/161\\\/510377d7bc0031e6d77e25f70ea7c15c.jpg?ver=1788402329\",\"caption\":\"oskeviestinta\"},\"url\":\"https:\\\/\\\/yhdenvertaisuudenosaamiskeskus.partioscout.fi\\\/sv\\\/author\\\/oskeviestinta\\\/\"}]}<\/script>\n<!-- \/ Yoast SEO plugin. -->","yoast_head_json":{"title":"Blogg: Insikter fr\u00e5n praktiken inom likabehandlingsarbete - Yhdenvertaisuuden nuorisoalan osaamiskeskus","description":"I v\u00e5ras b\u00f6rjade jag min praktik vid Ungdomssektorns kompetenscenter f\u00f6r likabehandling som en del av mina h\u00f6gskolestudier","robots":{"index":"index","follow":"follow","max-snippet":"max-snippet:-1","max-image-preview":"max-image-preview:large","max-video-preview":"max-video-preview:-1"},"canonical":"https:\/\/yhdenvertaisuudenosaamiskeskus.partioscout.fi\/sv\/ajankohtaista\/blogg-insikter-fran-praktiken-inom-likabehandlingsarbete\/","og_locale":"sv_SE","og_type":"article","og_title":"Blogg: Insikter fr\u00e5n praktiken inom likabehandlingsarbete - Yhdenvertaisuuden nuorisoalan osaamiskeskus","og_description":"I v\u00e5ras b\u00f6rjade jag min praktik vid Ungdomssektorns kompetenscenter f\u00f6r likabehandling som en del av mina h\u00f6gskolestudier","og_url":"https:\/\/yhdenvertaisuudenosaamiskeskus.partioscout.fi\/sv\/ajankohtaista\/blogg-insikter-fran-praktiken-inom-likabehandlingsarbete\/","og_site_name":"Yhdenvertaisuuden nuorisoalan osaamiskeskus","article_published_time":"2026-08-31T10:01:46+00:00","article_modified_time":"2026-08-31T10:01:48+00:00","og_image":[{"width":1620,"height":1080,"url":"https:\/\/yhdenvertaisuudenosaamiskeskus.partioscout.fi\/wp-content\/uploads\/sites\/161\/2025\/04\/oske-SOMEKOKO-05.jpg","type":"image\/jpeg"}],"author":"oskeviestinta","twitter_card":"summary_large_image","twitter_misc":{"Skriven av":"oskeviestinta","Ber\u00e4knad l\u00e4stid":"9 minuter"},"schema":{"@context":"https:\/\/schema.org","@graph":[{"@type":"Article","@id":"https:\/\/yhdenvertaisuudenosaamiskeskus.partioscout.fi\/sv\/ajankohtaista\/blogg-insikter-fran-praktiken-inom-likabehandlingsarbete\/#article","isPartOf":{"@id":"https:\/\/yhdenvertaisuudenosaamiskeskus.partioscout.fi\/sv\/ajankohtaista\/blogg-insikter-fran-praktiken-inom-likabehandlingsarbete\/"},"author":{"name":"oskeviestinta","@id":"https:\/\/yhdenvertaisuudenosaamiskeskus.partioscout.fi\/#\/schema\/person\/961b421263df20c913a32f6d37b4efb0"},"headline":"Blogg: Insikter fr\u00e5n praktiken inom likabehandlingsarbete","datePublished":"2026-08-31T10:01:46+00:00","dateModified":"2026-08-31T10:01:48+00:00","mainEntityOfPage":{"@id":"https:\/\/yhdenvertaisuudenosaamiskeskus.partioscout.fi\/sv\/ajankohtaista\/blogg-insikter-fran-praktiken-inom-likabehandlingsarbete\/"},"wordCount":735,"image":{"@id":"https:\/\/yhdenvertaisuudenosaamiskeskus.partioscout.fi\/sv\/ajankohtaista\/blogg-insikter-fran-praktiken-inom-likabehandlingsarbete\/#primaryimage"},"thumbnailUrl":"https:\/\/yhdenvertaisuudenosaamiskeskus.partioscout.fi\/wp-content\/uploads\/sites\/161\/2025\/04\/oske-SOMEKOKO-05.jpg","articleSection":["Okategoriserad"],"inLanguage":"sv-SE"},{"@type":"WebPage","@id":"https:\/\/yhdenvertaisuudenosaamiskeskus.partioscout.fi\/sv\/ajankohtaista\/blogg-insikter-fran-praktiken-inom-likabehandlingsarbete\/","url":"https:\/\/yhdenvertaisuudenosaamiskeskus.partioscout.fi\/sv\/ajankohtaista\/blogg-insikter-fran-praktiken-inom-likabehandlingsarbete\/","name":"Blogg: Insikter fr\u00e5n praktiken inom likabehandlingsarbete - Yhdenvertaisuuden nuorisoalan osaamiskeskus","isPartOf":{"@id":"https:\/\/yhdenvertaisuudenosaamiskeskus.partioscout.fi\/#website"},"primaryImageOfPage":{"@id":"https:\/\/yhdenvertaisuudenosaamiskeskus.partioscout.fi\/sv\/ajankohtaista\/blogg-insikter-fran-praktiken-inom-likabehandlingsarbete\/#primaryimage"},"image":{"@id":"https:\/\/yhdenvertaisuudenosaamiskeskus.partioscout.fi\/sv\/ajankohtaista\/blogg-insikter-fran-praktiken-inom-likabehandlingsarbete\/#primaryimage"},"thumbnailUrl":"https:\/\/yhdenvertaisuudenosaamiskeskus.partioscout.fi\/wp-content\/uploads\/sites\/161\/2025\/04\/oske-SOMEKOKO-05.jpg","datePublished":"2026-08-31T10:01:46+00:00","dateModified":"2026-08-31T10:01:48+00:00","author":{"@id":"https:\/\/yhdenvertaisuudenosaamiskeskus.partioscout.fi\/#\/schema\/person\/961b421263df20c913a32f6d37b4efb0"},"description":"I v\u00e5ras b\u00f6rjade jag min praktik vid Ungdomssektorns kompetenscenter f\u00f6r likabehandling som en del av mina h\u00f6gskolestudier","breadcrumb":{"@id":"https:\/\/yhdenvertaisuudenosaamiskeskus.partioscout.fi\/sv\/ajankohtaista\/blogg-insikter-fran-praktiken-inom-likabehandlingsarbete\/#breadcrumb"},"inLanguage":"sv-SE","potentialAction":[{"@type":"ReadAction","target":["https:\/\/yhdenvertaisuudenosaamiskeskus.partioscout.fi\/sv\/ajankohtaista\/blogg-insikter-fran-praktiken-inom-likabehandlingsarbete\/"]}]},{"@type":"ImageObject","inLanguage":"sv-SE","@id":"https:\/\/yhdenvertaisuudenosaamiskeskus.partioscout.fi\/sv\/ajankohtaista\/blogg-insikter-fran-praktiken-inom-likabehandlingsarbete\/#primaryimage","url":"https:\/\/yhdenvertaisuudenosaamiskeskus.partioscout.fi\/wp-content\/uploads\/sites\/161\/2025\/04\/oske-SOMEKOKO-05.jpg","contentUrl":"https:\/\/yhdenvertaisuudenosaamiskeskus.partioscout.fi\/wp-content\/uploads\/sites\/161\/2025\/04\/oske-SOMEKOKO-05.jpg","width":1620,"height":1080},{"@type":"BreadcrumbList","@id":"https:\/\/yhdenvertaisuudenosaamiskeskus.partioscout.fi\/sv\/ajankohtaista\/blogg-insikter-fran-praktiken-inom-likabehandlingsarbete\/#breadcrumb","itemListElement":[{"@type":"ListItem","position":1,"name":"Hem","item":"https:\/\/yhdenvertaisuudenosaamiskeskus.partioscout.fi\/sv\/"},{"@type":"ListItem","position":2,"name":"Blogg: Insikter fr\u00e5n praktiken inom likabehandlingsarbete"}]},{"@type":"WebSite","@id":"https:\/\/yhdenvertaisuudenosaamiskeskus.partioscout.fi\/#website","url":"https:\/\/yhdenvertaisuudenosaamiskeskus.partioscout.fi\/","name":"Yhdenvertaisuuden nuorisoalan osaamiskeskus","description":"Kohti yhdenvertaista nuoruutta","potentialAction":[{"@type":"SearchAction","target":{"@type":"EntryPoint","urlTemplate":"https:\/\/yhdenvertaisuudenosaamiskeskus.partioscout.fi\/?s={search_term_string}"},"query-input":{"@type":"PropertyValueSpecification","valueRequired":true,"valueName":"search_term_string"}}],"inLanguage":"sv-SE"},{"@type":"Person","@id":"https:\/\/yhdenvertaisuudenosaamiskeskus.partioscout.fi\/#\/schema\/person\/961b421263df20c913a32f6d37b4efb0","name":"oskeviestinta","image":{"@type":"ImageObject","inLanguage":"sv-SE","@id":"https:\/\/yhdenvertaisuudenosaamiskeskus.partioscout.fi\/wp-content\/litespeed\/avatar\/161\/510377d7bc0031e6d77e25f70ea7c15c.jpg?ver=1788402329","url":"https:\/\/yhdenvertaisuudenosaamiskeskus.partioscout.fi\/wp-content\/litespeed\/avatar\/161\/510377d7bc0031e6d77e25f70ea7c15c.jpg?ver=1788402329","contentUrl":"https:\/\/yhdenvertaisuudenosaamiskeskus.partioscout.fi\/wp-content\/litespeed\/avatar\/161\/510377d7bc0031e6d77e25f70ea7c15c.jpg?ver=1788402329","caption":"oskeviestinta"},"url":"https:\/\/yhdenvertaisuudenosaamiskeskus.partioscout.fi\/sv\/author\/oskeviestinta\/"}]}},"_links":{"self":[{"href":"https:\/\/yhdenvertaisuudenosaamiskeskus.partioscout.fi\/sv\/wp-json\/wp\/v2\/posts\/1855","targetHints":{"allow":["GET"]}}],"collection":[{"href":"https:\/\/yhdenvertaisuudenosaamiskeskus.partioscout.fi\/sv\/wp-json\/wp\/v2\/posts"}],"about":[{"href":"https:\/\/yhdenvertaisuudenosaamiskeskus.partioscout.fi\/sv\/wp-json\/wp\/v2\/types\/post"}],"author":[{"embeddable":true,"href":"https:\/\/yhdenvertaisuudenosaamiskeskus.partioscout.fi\/sv\/wp-json\/wp\/v2\/users\/364"}],"replies":[{"embeddable":true,"href":"https:\/\/yhdenvertaisuudenosaamiskeskus.partioscout.fi\/sv\/wp-json\/wp\/v2\/comments?post=1855"}],"version-history":[{"count":2,"href":"https:\/\/yhdenvertaisuudenosaamiskeskus.partioscout.fi\/sv\/wp-json\/wp\/v2\/posts\/1855\/revisions"}],"predecessor-version":[{"id":1863,"href":"https:\/\/yhdenvertaisuudenosaamiskeskus.partioscout.fi\/sv\/wp-json\/wp\/v2\/posts\/1855\/revisions\/1863"}],"wp:featuredmedia":[{"embeddable":true,"href":"https:\/\/yhdenvertaisuudenosaamiskeskus.partioscout.fi\/sv\/wp-json\/wp\/v2\/media\/334"}],"wp:attachment":[{"href":"https:\/\/yhdenvertaisuudenosaamiskeskus.partioscout.fi\/sv\/wp-json\/wp\/v2\/media?parent=1855"}],"wp:term":[{"taxonomy":"category","embeddable":true,"href":"https:\/\/yhdenvertaisuudenosaamiskeskus.partioscout.fi\/sv\/wp-json\/wp\/v2\/categories?post=1855"}],"curies":[{"name":"wp","href":"https:\/\/api.w.org\/{rel}","templated":true}]}}